[{"@context":"https:\/\/schema.org\/","@type":"Article","@id":"https:\/\/www.czbaleno.cz\/den-je-kratky-a-vy-potrebujete-zustat-dele\/#Article","mainEntityOfPage":"https:\/\/www.czbaleno.cz\/den-je-kratky-a-vy-potrebujete-zustat-dele\/","headline":"Den je kr\u00e1tk\u00fd, a vy pot\u0159ebujete z\u016fstat d\u00e9le?","name":"Den je kr\u00e1tk\u00fd, a vy pot\u0159ebujete z\u016fstat d\u00e9le?","description":"V\u00fdlet je n\u011bkdy natolik pestr\u00fd a bohat\u00fd na z\u00e1\u017eitky, \u017ee jeden den nesta\u010d\u00ed, a vy pot\u0159ebujete zajistit p\u0159esp\u00e1n\u00ed? Po p\u0159e\u010dten\u00ed cen\u00edku v hotelu se v\u00e1m nechce vyu\u017e\u00edt luxusn\u00ed prost\u0159ed\u00ed se sn\u00eddan\u00ed do postele a p\u0159em\u00fd\u0161l\u00edte, co te\u010f? Ubytovna Praha v\u00e1s nenech\u00e1 na ulici, ani po v\u00e1s nebude cht\u00edt respektovat p\u0159ehnan\u00e9 ceny, proto\u017ee jsou natolik n\u00edzk\u00e9, [&hellip;]","datePublished":"2025-09-03","dateModified":"2025-09-03","author":{"@type":"Person","@id":"https:\/\/www.czbaleno.cz\/author\/#Person","name":"","url":"https:\/\/www.czbaleno.cz\/author\/","identifier":1,"image":{"@type":"ImageObject","@id":"https:\/\/secure.gravatar.com\/avatar\/53fcaa7178df0f37d30678446939b206ab1017330cccbc8c93b5efa33cddcf51?s=96&d=mm&r=g","url":"https:\/\/secure.gravatar.com\/avatar\/53fcaa7178df0f37d30678446939b206ab1017330cccbc8c93b5efa33cddcf51?s=96&d=mm&r=g","height":96,"width":96}},"publisher":{"@type":"Organization","name":"czbaleno.cz","logo":{"@type":"ImageObject","@id":"\/logo.png","url":"\/logo.png","width":600,"height":60}},"url":"https:\/\/www.czbaleno.cz\/den-je-kratky-a-vy-potrebujete-zustat-dele\/","wordCount":180,"articleBody":"V\u00fdlet je n\u011bkdy natolik pestr\u00fd a bohat\u00fd na z\u00e1\u017eitky, \u017ee jeden den nesta\u010d\u00ed, a vy pot\u0159ebujete zajistit p\u0159esp\u00e1n\u00ed? Po p\u0159e\u010dten\u00ed cen\u00edku v hotelu se v\u00e1m nechce vyu\u017e\u00edt luxusn\u00ed prost\u0159ed\u00ed se sn\u00eddan\u00ed do postele a p\u0159em\u00fd\u0161l\u00edte, co te\u010f? Ubytovna Praha v\u00e1s nenech\u00e1 na ulici, ani po v\u00e1s nebude cht\u00edt respektovat p\u0159ehnan\u00e9 ceny, proto\u017ee jsou natolik n\u00edzk\u00e9, \u017ee si je m\u016f\u017ee dovolit ka\u017ed\u00fd. Se sn\u00eddan\u00ed do postele to nebude, ale m\u016f\u017eete si ji p\u0159ipravit ve vybaven\u00e9 kuchy\u0148ce. Dop\u0159ejte si teplou sprchu a \u010distou postel Ubytovna Praha v\u00e1m dop\u0159eje ve\u0161ker\u00e9 soci\u00e1ln\u00ed z\u00e1zem\u00ed, v\u010detn\u011b tepl\u00e9 sprchy, \u010dist\u00e9 postele a mo\u017enosti p\u0159ipravit si sn\u00eddani, ob\u011bd i ve\u010de\u0159i ve vybaven\u00e9 kuchyni. Nep\u0159ijdete ani o p\u0159ipojen\u00ed k internetu, kter\u00fd je zdarma. Na recepci v\u00e1m je k dispozici p\u0159\u00edjemn\u00fd person\u00e1l, kter\u00fd v\u00e1m ochotn\u011b porad\u00ed. Mo\u017enost vyu\u017eit\u00ed za\u0159\u00edzen\u00ed dlouhodob\u011b.                                                                                                                                                                                                                                                                                                                                                                                                "},{"@context":"https:\/\/schema.org\/","@type":"BreadcrumbList","itemListElement":[{"@type":"ListItem","position":1,"name":"Den je kr\u00e1tk\u00fd, a vy pot\u0159ebujete z\u016fstat d\u00e9le?","item":"https:\/\/www.czbaleno.cz\/den-je-kratky-a-vy-potrebujete-zustat-dele\/#breadcrumbitem"}]}]