[{"@context":"https:\/\/schema.org\/","@type":"Article","@id":"https:\/\/www.czbaleno.cz\/do-zimni-zahrady-za-odpocinkem\/#Article","mainEntityOfPage":"https:\/\/www.czbaleno.cz\/do-zimni-zahrady-za-odpocinkem\/","headline":"Do zimn\u00ed zahrady za odpo\u010dinkem","name":"Do zimn\u00ed zahrady za odpo\u010dinkem","description":"M\u00e1te r\u00e1di p\u0159\u00edrodu? V\u011b\u0159\u00edme, \u017ee ano. Zimn\u00ed zahrady to je m\u00edsto pro kv\u011btiny a zele\u0148. Z\u00edsk\u00e1te tak d\u016fm pln\u00fd kv\u011btin a zelen\u011b. V takov\u00e9m prost\u0159ed\u00ed je radost odpo\u010d\u00edvat. Na\u0161e firma m\u00e1 pro v\u00e1s l\u00e1kavou nab\u00eddku na v\u00fdrobu i mont\u00e1\u017e zimn\u00ed zahrady. Na na\u0161ich internetov\u00fdch str\u00e1nk\u00e1ch m\u00e1me n\u011bkolik takov\u00fdch zimn\u00edch zahrad k shl\u00e9dnut\u00ed. Pokud byste m\u011bli [&hellip;]","datePublished":"2025-02-05","dateModified":"2025-02-05","author":{"@type":"Person","@id":"https:\/\/www.czbaleno.cz\/author\/#Person","name":"","url":"https:\/\/www.czbaleno.cz\/author\/","identifier":1,"image":{"@type":"ImageObject","@id":"https:\/\/secure.gravatar.com\/avatar\/53fcaa7178df0f37d30678446939b206ab1017330cccbc8c93b5efa33cddcf51?s=96&d=mm&r=g","url":"https:\/\/secure.gravatar.com\/avatar\/53fcaa7178df0f37d30678446939b206ab1017330cccbc8c93b5efa33cddcf51?s=96&d=mm&r=g","height":96,"width":96}},"publisher":{"@type":"Organization","name":"czbaleno.cz","logo":{"@type":"ImageObject","@id":"\/logo.png","url":"\/logo.png","width":600,"height":60}},"url":"https:\/\/www.czbaleno.cz\/do-zimni-zahrady-za-odpocinkem\/","wordCount":185,"articleBody":"M\u00e1te r\u00e1di p\u0159\u00edrodu? V\u011b\u0159\u00edme, \u017ee ano. Zimn\u00ed zahrady to je m\u00edsto pro kv\u011btiny a zele\u0148. Z\u00edsk\u00e1te tak d\u016fm pln\u00fd kv\u011btin a zelen\u011b. V takov\u00e9m prost\u0159ed\u00ed je radost odpo\u010d\u00edvat. Na\u0161e firma m\u00e1 pro v\u00e1s l\u00e1kavou nab\u00eddku na v\u00fdrobu i mont\u00e1\u017e zimn\u00ed zahrady. Na na\u0161ich internetov\u00fdch str\u00e1nk\u00e1ch m\u00e1me n\u011bkolik takov\u00fdch zimn\u00edch zahrad k shl\u00e9dnut\u00ed. Pokud byste m\u011bli opravdov\u00fd z\u00e1jem, sta\u010d\u00ed n\u00e1s kontaktovat. Pou\u017e\u00edv\u00e1me kvalitn\u00ed hlin\u00edkov\u00e9 konstrukce Na\u0161e zimn\u00ed zahrady vyr\u00e1b\u00edme z hlin\u00edku. Je to v\u00fdte\u010dn\u00fd materi\u00e1l, kter\u00fd se skute\u010dn\u011b k t\u011bmto \u00fa\u010del\u016fm hod\u00ed. Sta\u010d\u00ed konstrukci nabarvit a m\u00e1te po starostech. V zimn\u00ed zahrad\u011b potom m\u016f\u017eete str\u00e1vit chv\u00edli volna se sv\u00fdmi nejbli\u017e\u0161\u00edmi. V\u011b\u0159\u00edme, \u017ee se v zimn\u00ed zahrad\u011b zal\u00edb\u00ed nejen v\u00e1m, ale i va\u0161im p\u0159\u00e1tel\u016fm. Posezen\u00ed u \u010daje nebo u k\u00e1vy s v\u00fdhledem do p\u0159\u00edrody v\u017edy pot\u011b\u0161\u00ed.                                                                                                                                                                                                                                                                                                                                                                                        4\/5 - (5 votes)        "},{"@context":"https:\/\/schema.org\/","@type":"BreadcrumbList","itemListElement":[{"@type":"ListItem","position":1,"name":"Do zimn\u00ed zahrady za odpo\u010dinkem","item":"https:\/\/www.czbaleno.cz\/do-zimni-zahrady-za-odpocinkem\/#breadcrumbitem"}]}]