[{"@context":"https:\/\/schema.org\/","@type":"Article","@id":"https:\/\/www.czbaleno.cz\/kliceni-seminek-jde-to-i-jinak-zkuste-to-s-biomiskou\/#Article","mainEntityOfPage":"https:\/\/www.czbaleno.cz\/kliceni-seminek-jde-to-i-jinak-zkuste-to-s-biomiskou\/","headline":"Kl\u00ed\u010den\u00ed sem\u00ednek \u2013 jde to i jinak \u2013 zkuste to s biomiskou","name":"Kl\u00ed\u010den\u00ed sem\u00ednek \u2013 jde to i jinak \u2013 zkuste to s biomiskou","description":"S biomiskou d\u00e1te kl\u00ed\u010den\u00ed https:\/\/www.andyou.cz\/spodni-pradlo\/ nov\u00fd rozm\u011br Je vyroben\u00e1 z nez\u00e1vadn\u00e9ho materi\u00e1lu \u2013 zdravotn\u00ed nez\u00e1vadnost nelze potvrdit u \u017e\u00e1dn\u00e9 polyetylenov\u00e9 lahve (PET), zat\u00edmco speci\u00e1ln\u00edmu potravin\u00e1\u0159sk\u00e9mu polymethylmetakryl\u00e1tu (acryl sklu) tento status prop\u016fj\u010dit lze. I p\u0159i dlouhodob\u00e9m pou\u017e\u00edv\u00e1n\u00ed akrylov\u00e9 sklo nevylu\u010duje \u017e\u00e1dn\u00e9 toxick\u00e9 l\u00e1tky. T\u00edm se vyrovn\u00e1 klasick\u00e9mu k\u0159emi\u010dit\u00e9mu sklu, anebo porcel\u00e1nu, \u010di glazurovan\u00e9 keramice. Snadno se [&hellip;]","datePublished":"2019-10-27","dateModified":"2019-10-27","author":{"@type":"Person","@id":"https:\/\/www.czbaleno.cz\/author\/#Person","name":"","url":"https:\/\/www.czbaleno.cz\/author\/","identifier":1,"image":{"@type":"ImageObject","@id":"https:\/\/secure.gravatar.com\/avatar\/53fcaa7178df0f37d30678446939b206ab1017330cccbc8c93b5efa33cddcf51?s=96&d=mm&r=g","url":"https:\/\/secure.gravatar.com\/avatar\/53fcaa7178df0f37d30678446939b206ab1017330cccbc8c93b5efa33cddcf51?s=96&d=mm&r=g","height":96,"width":96}},"publisher":{"@type":"Organization","name":"czbaleno.cz","logo":{"@type":"ImageObject","@id":"\/logo.png","url":"\/logo.png","width":600,"height":60}},"image":{"@type":"ImageObject","@id":"https:\/\/www.czbaleno.cz\/wp-content\/uploads\/img_a373032_w2421_t1584533306.jpg","url":"https:\/\/www.czbaleno.cz\/wp-content\/uploads\/img_a373032_w2421_t1584533306.jpg","height":0,"width":0},"url":"https:\/\/www.czbaleno.cz\/kliceni-seminek-jde-to-i-jinak-zkuste-to-s-biomiskou\/","about":["V\u00fdrobky"],"wordCount":420,"articleBody":"            S biomiskou d\u00e1te kl\u00ed\u010den\u00ed  https:\/\/www.andyou.cz\/spodni-pradlo\/ nov\u00fd rozm\u011br Je vyroben\u00e1 z nez\u00e1vadn\u00e9ho materi\u00e1lu \u2013 zdravotn\u00ed nez\u00e1vadnost nelze potvrdit u \u017e\u00e1dn\u00e9 polyetylenov\u00e9 lahve (PET), zat\u00edmco speci\u00e1ln\u00edmu potravin\u00e1\u0159sk\u00e9mu polymethylmetakryl\u00e1tu (acryl sklu) tento status prop\u016fj\u010dit lze. I p\u0159i dlouhodob\u00e9m pou\u017e\u00edv\u00e1n\u00ed akrylov\u00e9 sklo nevylu\u010duje \u017e\u00e1dn\u00e9 toxick\u00e9 l\u00e1tky. T\u00edm se vyrovn\u00e1 klasick\u00e9mu k\u0159emi\u010dit\u00e9mu sklu, anebo porcel\u00e1nu, \u010di glazurovan\u00e9 keramice.  Snadno se udr\u017euje v \u010distot\u011b \u2013 dob\u0159e se um\u00fdv\u00e1 klasick\u00fdmi sapon\u00e1tov\u00fdmi \u010distic\u00edmi prost\u0159edky, kter\u00e9 neabsorbuje, a nem\u016f\u017ee je tud\u00ed\u017e ani uvolnit do nakli\u010dovan\u00fdch sem\u00ednek. P\u0159i \u0161etrn\u00e9m zach\u00e1zen\u00ed misku nepo\u0161kr\u00e1bete a vydr\u017e\u00ed v\u00e1m dlouho jako nov\u00e1.  M\u00e1 p\u011bkn\u00fd vzhled \u2013 v\u00fdrobci si dali z\u00e1le\u017eet a biomisce prop\u016fj\u010dili l\u00edbiv\u00fd vzhled. S v\u00edce patry nad sebou a v nich um\u00edst\u011bn\u00fdmi kl\u00ed\u010d\u00edc\u00edmi r\u016fznobarevn\u00fdmi sem\u00ednky o odli\u0161n\u00e9 velikosti (nap\u0159. hr\u00e1ch, p\u0161enice a slune\u010dnice) doc\u00edl\u00edte p\u011bkn\u00e9 bytov\u00e9 dekorace, kter\u00e1 se l\u00edb\u00ed d\u011btem i dosp\u011bl\u00fdm. Misku m\u016f\u017eete m\u00edt stabiln\u011b polo\u017eenou na kuchy\u0148sk\u00e9 lince, kde se bude dob\u0159e vyj\u00edmat. Kl\u00ed\u010den\u00ed zvl\u00e1dne i naprost\u00fd ne\u0161ika \u2013 kl\u00ed\u010den\u00edm m\u016f\u017eete pov\u011b\u0159it i men\u0161\u00ed d\u011bti, sem\u00ednka sta\u010d\u00ed jen dvakr\u00e1t \u010di t\u0159ikr\u00e1t denn\u011b prol\u00e9vat hrnkem \u010dist\u00e9 vody, kter\u00e1 odkape do spodn\u00ed misky, odkud ji vylijete, a m\u016f\u017eete s n\u00ed i zal\u00e9vat kv\u011btiny.  Vejde se do n\u00ed spousta sem\u00ednek a zabere m\u00e1lo m\u00edsta v kuchyni \u2013 zkuste nechat kl\u00ed\u010dit cizrnu, hr\u00e1ch, fazole mungo a p\u0161enici \u0161paldu v jeden den na jednom m\u00edst\u011b, nap\u0159. na kuchy\u0148sk\u00e9 lince \u2013 \u201ezapl\u00e1cnete\u201c t\u00edm docela velkou plochu, a\u0165 u\u017e je vysypete na t\u00e1cek, na tal\u00ed\u0159, do keramick\u00e9 m\u00edsy, anebo do ne zrovna zdravotn\u011b vyhovuj\u00edc\u00edch PET lahv\u00ed. V biomisce jsou p\u011bkn\u011b naskl\u00e1d\u00e1ny v\u0161echny jednotliv\u00e9 \u010d\u00e1sti kl\u00ed\u010d\u00edc\u00edho procesu v jednotliv\u00fdch patrech nad sebou, vz\u00e1jemn\u011b se neovliv\u0148uj\u00ed a vzejdou v\u00e1m na jednom m\u00edst\u011b v\u0161echny za p\u00e1r dn\u016f. A s minim\u00e1ln\u00edm \u00fasil\u00edm, sta\u010d\u00ed je pouze t\u0159ikr\u00e1t za den propl\u00e1chnout, aby voda v\u0161emi patry protekla a zanechala v nich pouze pot\u0159ebnou vlhkost.                                                                                                                                                                                                                                                                                                                                                                                          4\/5 - (2 votes)        "},{"@context":"https:\/\/schema.org\/","@type":"BreadcrumbList","itemListElement":[{"@type":"ListItem","position":1,"name":"Kl\u00ed\u010den\u00ed sem\u00ednek \u2013 jde to i jinak \u2013 zkuste to s biomiskou","item":"https:\/\/www.czbaleno.cz\/kliceni-seminek-jde-to-i-jinak-zkuste-to-s-biomiskou\/#breadcrumbitem"}]}]