[{"@context":"https:\/\/schema.org\/","@type":"Article","@id":"https:\/\/www.czbaleno.cz\/postele-ktere-se-vam-osvedci\/#Article","mainEntityOfPage":"https:\/\/www.czbaleno.cz\/postele-ktere-se-vam-osvedci\/","headline":"Postele, kter\u00e9 se v\u00e1m osv\u011bd\u010d\u00ed","name":"Postele, kter\u00e9 se v\u00e1m osv\u011bd\u010d\u00ed","description":"Mo\u017en\u00e1 si pamatujete ze sv\u00fdch letn\u00edch t\u00e1bor\u016f, \u017ee jste sp\u00e1vali na patrov\u00fdch postel\u00edch. Ano, u\u017e tehdy byly pr\u00e1v\u011b tyto typy velmi obl\u00edben\u00e9 a pou\u017e\u00edvan\u00e9 nejenom v dom\u00e1cnostech, ale tak\u00e9 pr\u00e1v\u011b zde. Ur\u010dit\u011b se v\u00e1m to l\u00edbilo, proto\u017ee je to mnohem dobrodru\u017en\u011bj\u0161\u00ed a tak\u00e9 sv\u00fdm zp\u016fsobem \u00fatuln\u011bj\u0161\u00ed. Co takto po\u0159\u00eddit pr\u00e1v\u011b tyto kusy n\u00e1bytku i sv\u00fdm [&hellip;]","datePublished":"2025-02-13","dateModified":"2025-02-13","author":{"@type":"Person","@id":"https:\/\/www.czbaleno.cz\/author\/#Person","name":"","url":"https:\/\/www.czbaleno.cz\/author\/","identifier":1,"image":{"@type":"ImageObject","@id":"https:\/\/secure.gravatar.com\/avatar\/53fcaa7178df0f37d30678446939b206ab1017330cccbc8c93b5efa33cddcf51?s=96&d=mm&r=g","url":"https:\/\/secure.gravatar.com\/avatar\/53fcaa7178df0f37d30678446939b206ab1017330cccbc8c93b5efa33cddcf51?s=96&d=mm&r=g","height":96,"width":96}},"publisher":{"@type":"Organization","name":"czbaleno.cz","logo":{"@type":"ImageObject","@id":"\/logo.png","url":"\/logo.png","width":600,"height":60}},"url":"https:\/\/www.czbaleno.cz\/postele-ktere-se-vam-osvedci\/","wordCount":252,"articleBody":"Mo\u017en\u00e1 si pamatujete ze sv\u00fdch letn\u00edch t\u00e1bor\u016f, \u017ee jste sp\u00e1vali na patrov\u00fdch postel\u00edch. Ano, u\u017e tehdy byly pr\u00e1v\u011b tyto typy velmi obl\u00edben\u00e9 a pou\u017e\u00edvan\u00e9 nejenom v dom\u00e1cnostech, ale tak\u00e9 pr\u00e1v\u011b zde. Ur\u010dit\u011b se v\u00e1m to l\u00edbilo, proto\u017ee je to mnohem dobrodru\u017en\u011bj\u0161\u00ed a tak\u00e9 sv\u00fdm zp\u016fsobem \u00fatuln\u011bj\u0161\u00ed. Co takto po\u0159\u00eddit pr\u00e1v\u011b tyto kusy n\u00e1bytku i sv\u00fdm d\u011btem? Je to optim\u00e1ln\u00ed mo\u017enost, pokud maj\u00ed va\u0161e ratolesti spole\u010dn\u00fd pokoj\u00ed\u010dek. U\u017e tak tam maj\u00ed m\u00e1lo m\u00edsta, pro\u010d zab\u00edjet dal\u0161\u00ed prostor t\u00edm, \u017ee byste jim koupili dv\u011b samostatn\u011b stoj\u00edc\u00ed l\u016f\u017eka? To je zbyte\u010dn\u00e9, mnohem l\u00e9pe tu poslou\u017e\u00ed patrov\u00e1 l\u016f\u017eka, kter\u00e1 si va\u0161e d\u011bti zkr\u00e1tka zamiluj\u00ed. Kvalitn\u00ed materi\u00e1ly Tyto kusy spac\u00edho n\u00e1bytku jsou vyrobeny z velice kvalitn\u00edch materi\u00e1lu, konkr\u00e9tn\u011b ze d\u0159eva. M\u016f\u017eete si vyb\u00edrat z r\u016fzn\u00fdch dekor\u016f, a to podle toho, kter\u00fd se bude nejv\u00edce hodit do pokoj\u00ed\u010dku. Z\u00e1le\u017e\u00ed na tom, co preferujete a co se l\u00edb\u00ed va\u0161im d\u011btem. S nab\u00eddkou budete ale ur\u010dit\u011b spokojen\u00ed, proto\u017ee je bohat\u00e1 a ka\u017ed\u00fd v n\u00ed najde to, co se mu doopravdy l\u00edb\u00ed. Vyb\u00edrejte spolu s va\u0161imi d\u011btmi, proto\u017ee se jedn\u00e1 p\u0159eci jen o n\u00e1bytek do jejich interi\u00e9r\u016f.                                                                                                                                                                                                                                                                                                                                                                                        5\/5 - (1 vote)        "},{"@context":"https:\/\/schema.org\/","@type":"BreadcrumbList","itemListElement":[{"@type":"ListItem","position":1,"name":"Postele, kter\u00e9 se v\u00e1m osv\u011bd\u010d\u00ed","item":"https:\/\/www.czbaleno.cz\/postele-ktere-se-vam-osvedci\/#breadcrumbitem"}]}]